{"id":4214,"date":"2025-11-05T14:02:00","date_gmt":"2025-11-05T22:02:00","guid":{"rendered":"https:\/\/lawnjh.com\/cual-es-la-fecha-de-la-lesion-en-un-caso-de-indemnizacion-por-accidente-laboral-en-california\/"},"modified":"2026-02-03T16:36:53","modified_gmt":"2026-02-04T00:36:53","slug":"cual-es-la-fecha-de-la-lesion-en-un-caso-de-indemnizacion-por-accidente-laboral-en-california","status":"publish","type":"post","link":"https:\/\/lawnjh.com\/es\/cual-es-la-fecha-de-la-lesion-en-un-caso-de-indemnizacion-por-accidente-laboral-en-california\/","title":{"rendered":"\u00bfCu\u00e1l es la fecha de la lesi\u00f3n en un caso de indemnizaci\u00f3n por accidente laboral en California?"},"content":{"rendered":"\n<p>En un caso de indemnizaci\u00f3n por accidente laboral en California, la fecha de la lesi\u00f3n es un detalle fundamental. Determina cu\u00e1ndo pueden comenzar las prestaciones, cu\u00e1nto tiempo tienes para informar de la lesi\u00f3n y qu\u00e9 leyes se aplican a tu reclamaci\u00f3n. La fecha de la lesi\u00f3n no es siempre la misma en todos los casos, sino que depende del tipo de lesi\u00f3n y del momento en que el trabajador tenga conocimiento de ella.  <\/p>\n\n<h2 class=\"wp-block-heading\">Fecha de la lesi\u00f3n para una lesi\u00f3n espec\u00edfica<\/h2>\n\n<p>Para una lesi\u00f3n concreta, la fecha de la lesi\u00f3n suele ser la fecha exacta en que se produjo el incidente. Puede ser el d\u00eda en que un trabajador se cae, es golpeado por un objeto o sufre una lesi\u00f3n repentina de espalda al levantar algo pesado. <\/p>\n\n<p>Esta fecha suele ser f\u00e1cil de identificar y debe comunicarse al empresario lo antes posible.<\/p>\n\n<h2 class=\"wp-block-heading\">Fecha de la lesi\u00f3n para una lesi\u00f3n acumulativa<\/h2>\n\n<p>En el caso de una lesi\u00f3n por traumatismo acumulativo (TC), la fecha de la lesi\u00f3n es m\u00e1s compleja. Seg\u00fan la ley de California, se considera fecha de la lesi\u00f3n la fecha en que el trabajador sufri\u00f3 por primera vez una incapacidad y supo, o deber\u00eda haber sabido, que la lesi\u00f3n estaba causada por su trabajo. <\/p>\n\n<p>Puede ser:<\/p>\n\n<ul class=\"wp-block-list\">\n<li>El primer d\u00eda que faltaron al trabajo debido a la enfermedad<\/li>\n\n\n\n<li>La fecha en que un m\u00e9dico confirm\u00f3 que las actividades laborales causaron la lesi\u00f3n<\/li>\n<\/ul>\n\n<p>Como las lesiones acumulativas se desarrollan con el tiempo, los trabajadores pueden no darse cuenta enseguida de que sus dolores o s\u00edntomas est\u00e1n relacionados con el trabajo. Una vez que se dan cuenta, deben actuar con rapidez para preservar sus derechos. <\/p>\n\n<h2 class=\"wp-block-heading\">Por qu\u00e9 es importante la fecha de la lesi\u00f3n<\/h2>\n\n<p>La fecha de la lesi\u00f3n afecta a varias partes del proceso de reclamaci\u00f3n:<\/p>\n\n<ul class=\"wp-block-list\">\n<li>Plazos para comunicar el accidente al empresario (en la mayor\u00eda de los casos, en 30 d\u00edas)<\/li>\n\n\n\n<li>Plazo de prescripci\u00f3n para presentar una reclamaci\u00f3n (generalmente un a\u00f1o a partir de la fecha de la lesi\u00f3n)<\/li>\n\n\n\n<li>Plazos para el tratamiento m\u00e9dico y el derecho a las prestaciones<\/li>\n\n\n\n<li>Qu\u00e9 versi\u00f3n de la ley se aplica, especialmente si ha cambiado la normativa<\/li>\n<\/ul>\n\n<p>Los errores o disputas sobre la fecha de la lesi\u00f3n pueden dar lugar a retrasos o denegaciones de prestaciones.<\/p>\n\n<h2 class=\"wp-block-heading\">\u00bfQu\u00e9 ocurre si se impugna la fecha de la lesi\u00f3n?<\/h2>\n\n<p>En algunos casos, la empresa o la compa\u00f1\u00eda de seguros pueden rebatir la fecha de lesi\u00f3n comunicada, sobre todo en las demandas por traumatismo acumulativo. Pueden argumentar que la lesi\u00f3n no est\u00e1 relacionada con el trabajo o que el trabajador esper\u00f3 demasiado para denunciarla. <\/p>\n\n<p>En estas situaciones, los historiales m\u00e9dicos, el historial laboral y las declaraciones de los testigos pueden ayudar a aclarar cu\u00e1ndo se produjo la lesi\u00f3n y cu\u00e1ndo tuvo conocimiento de ella el trabajador. Tambi\u00e9n puede intervenir un evaluador m\u00e9dico cualificado (QME) para determinar la fecha. <\/p>\n\n<h2 class=\"wp-block-heading\">\u00bfNecesitas ayuda con tu reclamaci\u00f3n de indemnizaci\u00f3n por accidente laboral?<\/h2>\n\n<p>Tanto si has sufrido una lesi\u00f3n concreta como una dolencia que se ha desarrollado con el tiempo, identificar con precisi\u00f3n la fecha de la lesi\u00f3n es esencial. El bufete de abogados de Norman J. Homen puede ayudarte con la presentaci\u00f3n de reclamaciones, la documentaci\u00f3n y los litigios relacionados con la fecha de la lesi\u00f3n. <\/p>\n","protected":false},"excerpt":{"rendered":"<p>En un caso de indemnizaci\u00f3n por accidente laboral en California, la fecha de la lesi\u00f3n es un detalle fundamental. Determina cu\u00e1ndo pueden comenzar las prestaciones, cu\u00e1nto tiempo tienes para informar de la lesi\u00f3n y qu\u00e9 leyes se aplican a tu reclamaci\u00f3n. La fecha de la lesi\u00f3n no es siempre la misma en todos los casos,&hellip;<\/p>\n","protected":false},"author":2,"featured_media":0,"comment_status":"open","ping_status":"open","sticky":false,"template":"","format":"standard","meta":{"footnotes":""},"categories":[73],"tags":[],"class_list":["post-4214","post","type-post","status-publish","format-standard","hentry","category-indemnizacion-por-accidente-laboral"],"_links":{"self":[{"href":"https:\/\/lawnjh.com\/es\/wp-json\/wp\/v2\/posts\/4214","targetHints":{"allow":["GET"]}}],"collection":[{"href":"https:\/\/lawnjh.com\/es\/wp-json\/wp\/v2\/posts"}],"about":[{"href":"https:\/\/lawnjh.com\/es\/wp-json\/wp\/v2\/types\/post"}],"author":[{"embeddable":true,"href":"https:\/\/lawnjh.com\/es\/wp-json\/wp\/v2\/users\/2"}],"replies":[{"embeddable":true,"href":"https:\/\/lawnjh.com\/es\/wp-json\/wp\/v2\/comments?post=4214"}],"version-history":[{"count":1,"href":"https:\/\/lawnjh.com\/es\/wp-json\/wp\/v2\/posts\/4214\/revisions"}],"predecessor-version":[{"id":4682,"href":"https:\/\/lawnjh.com\/es\/wp-json\/wp\/v2\/posts\/4214\/revisions\/4682"}],"wp:attachment":[{"href":"https:\/\/lawnjh.com\/es\/wp-json\/wp\/v2\/media?parent=4214"}],"wp:term":[{"taxonomy":"category","embeddable":true,"href":"https:\/\/lawnjh.com\/es\/wp-json\/wp\/v2\/categories?post=4214"},{"taxonomy":"post_tag","embeddable":true,"href":"https:\/\/lawnjh.com\/es\/wp-json\/wp\/v2\/tags?post=4214"}],"curies":[{"name":"wp","href":"https:\/\/api.w.org\/{rel}","templated":true}]}}